
{"id":9190,"date":"2024-11-06T16:12:17","date_gmt":"2024-11-06T15:12:17","guid":{"rendered":"\/blog\/?p=9190"},"modified":"2024-11-07T13:28:24","modified_gmt":"2024-11-07T12:28:24","slug":"roads-not-taken-am-9-november-1918","status":"publish","type":"post","link":"\/blog\/2024\/11\/06\/roads-not-taken-am-9-november-1918\/","title":{"rendered":"\u201eRoads not Taken\u201d am 9. November 1918"},"content":{"rendered":"\n<h1 class=\"wp-block-heading\">\u201eRoads not Taken\u201d am 9. November 1918<\/h1>\n\n\n\n<p>6. November 2024<\/p>\n\n\n\n<p><strong>Das Wort \u201eRepublik schallt von Mund zu Mund\u201c, so hie\u00df es am 9. November 1918 im 8-Uhr-Abendblatt. An diesem Tag wurden vom Reichstag aus mehrere Reden gehalten.<sup data-fn=\"595b32ca-7f10-465a-92bf-81355abed5c0\" class=\"fn\"><a href=\"#595b32ca-7f10-465a-92bf-81355abed5c0\" id=\"595b32ca-7f10-465a-92bf-81355abed5c0-link\">1<\/a><\/sup> Eine der bekanntesten ist die Ansprache Philipp Scheidemanns, bis zum Morgen des ber\u00fchmten Tages noch Staatssekret\u00e4r der ersten parlamentarisch abgest\u00fctzten kaiserlichen Regierung. Vom Wortlaut seiner \u201eAusrufung\u201c gibt es verschiedene Versionen. Auch die Authentizit\u00e4t des bisher einzigen bekannten und erhaltenen Fotos, das den \u201ehistorischen Moment\u201c, so die Berliner Illustrirte Zeitung, Verlag Ullstein, zeigte, wurde seither immer wieder angezweifelt. Auch das \u201eWissen\u201c darum, dass es sich bei dem ikonischen Foto um ein manipuliertes Bild handele, scheint inzwischen Teil der kollektiven Erinnerung zum 9. November 1918 zu sein.<\/strong><\/p>\n\n\n\n<p><strong>Die Revolution 1918 ist eine der 14 Z\u00e4suren der deutschen Geschichte, die die Ausstellung <a href=\"https:\/\/www.dhm.de\/ausstellungen\/roads-not-taken-oder-es-haette-auch-anders-kommen-koennen\/\">\u201eRoads not Taken. Oder: Es h\u00e4tte auch anders kommen k\u00f6nnen\u201c<\/a> in den Blick nimmt. Zum diesj\u00e4hrigen Jahrestag sprach Dr. Lili Reyels, Kuratorin der Ausstellung, mit Dr. Katrin Bomhoff von <a href=\"https:\/\/www.axelspringer-syndication.de\/angebot\/ausstellungen\">ullstein bild collection<\/a> \u00fcber die Echtheit des Bildes, seinen Entstehungs- und Publikationsprozess.<\/strong><\/p>\n\n\n\n<p><strong>Lili Reyels:<\/strong> Liebe Frau Dr. Bomhoff, welche Aussagen kann man \u00fcber die Originalfotografie, die bei Ihnen bewahrt wird, machen?<\/p>\n\n\n\n<p><strong>Katrin Bomhoff:<\/strong> Es handelt sich um eine sehr kleine Aufnahme, die Bildma\u00dfe sind 3,8 x 5,5 cm, abgezogen auf einem etwa postkartengro\u00dfen Fotopapier. Wir wissen nicht, ob das Negativ, welches sich nach unserem Wissen nicht erhalten hat, bei Ullstein selbst im Kontaktverfahren auf die nun vorliegende Postkarten-Standard-Gr\u00f6\u00dfe abgezogen wurde. Die R\u00fcckseite dokumentiert die zeitgen\u00f6ssische Bildlegende: \u201eDie erste Verk\u00fcndung der neuen Republik durch Philipp Scheidemann vom Balkon des Reichstagsgeb\u00e4udes aus\u201c. Auch der Fotograf Erich Greiser, Berlin\/Lichtenberg ist genannt, hinzu kommen mehrere Inventar- und Archivnummern. Unten rechts ist die Nummer 47\/1918 angegeben, dies ist das Datum der Erstver\u00f6ffentlichung, die Zeitung ist nicht eigens genannt &#8211; bei Ullstein war damit klar, dass es sich um die auflagenst\u00e4rkte Zeitung, die Berliner Illustrirte Zeitung (BIZ), handelte, die das Foto am 24. November 1918, ver\u00f6ffentlichte.<sup data-fn=\"3e29ac71-5469-4dfe-b7bb-237eb099be22\" class=\"fn\"><a href=\"#3e29ac71-5469-4dfe-b7bb-237eb099be22\" id=\"3e29ac71-5469-4dfe-b7bb-237eb099be22-link\">2<\/a><\/sup><\/p>\n\n\n\n<figure class=\"wp-block-image size-large\"><img loading=\"lazy\" decoding=\"async\" width=\"646\" height=\"1024\" src=\"\/blog\/wp-content\/uploads\/2024\/11\/ullstein_high_06950793-646x1024.jpg\" alt=\"\" class=\"wp-image-9203\" srcset=\"\/blog\/wp-content\/uploads\/2024\/11\/ullstein_high_06950793-646x1024.jpg 646w, \/blog\/wp-content\/uploads\/2024\/11\/ullstein_high_06950793-189x300.jpg 189w, \/blog\/wp-content\/uploads\/2024\/11\/ullstein_high_06950793-768x1217.jpg 768w, \/blog\/wp-content\/uploads\/2024\/11\/ullstein_high_06950793-969x1536.jpg 969w, \/blog\/wp-content\/uploads\/2024\/11\/ullstein_high_06950793-1292x2048.jpg 1292w, \/blog\/wp-content\/uploads\/2024\/11\/ullstein_high_06950793-scaled.jpg 1616w\" sizes=\"auto, (max-width: 646px) 100vw, 646px\" \/><figcaption class=\"wp-element-caption\">Philipp Scheidemann ruft vom Balkon des Reichstagsgeb\u00e4udes in Berlin die Republik aus &#8211; 09.11.1918 \/ Originalfotografie Foto: Erich Greiser ver\u00f6ffentlicht bei Ullstein: Berliner Illustrirte Zeitung, 24.11.1918 \u00a9 ullstein bild<\/figcaption><\/figure>\n\n\n\n<p><br><strong>LR:<\/strong> Wie kann man sich den damaligen Publikationsprozess dieses Bildes vorstellen?<br><br><strong>KB:<\/strong> In der Zeitung wurde das Motiv vergr\u00f6\u00dfert gezeigt, das Bildma\u00df betrug nun 11,2&#215;15,5 cm, die Fotografie wurde rundherum beschnitten und der Ausschnitt somit auch vergr\u00f6\u00dfert. In der Zeitung kommt nun auch der auff\u00e4llige Lichtsaum hinzu, der die Silhouette des Redners auf der Balkonbr\u00fcstung gegen\u00fcber der S\u00e4ule hervorhebt. Er ist einer der Gr\u00fcnde, warum das Foto f\u00fcr eine Montage gehalten wurde. Dass es vermutlich Scheidemann ist, wird im Grunde erst durch die Bildunterschrift klar. Es ist zu vermuten, dass die Fotografie durch ihren Fotografen Erich Greiser direkt an die Redaktion gegeben worden ist \u2013 damit hatte der Verlag etwas, das die Konkurrenz nicht hatte: die Verbildlichung des \u201ehistorischen Moments\u201c. \u201eWir sind in der Lage, die seltene Aufnahme heute unseren Lesern zu zeigen\u201c, so die BIZ am 24.11.1918. Die Verschr\u00e4nkung von Bild und Text verst\u00e4rkte die Legitimation der \u201eDeutschen Republik\u201c \u2013 die Ausrufung erfolgte nur zwei Stunden vor der Ausrufung der R\u00e4terepublik durch Karl Liebknecht, von der es jedoch kein Bildmaterial gibt. Damit hatte nicht nur Erich Greiser, sondern auch der Verlag erneut Fotografiegeschichte geschrieben.<br><\/p>\n\n\n\n<figure class=\"wp-block-gallery has-nested-images columns-default is-cropped wp-block-gallery-1 is-layout-flex wp-block-gallery-is-layout-flex\">\n<figure class=\"wp-block-image size-large\"><img loading=\"lazy\" decoding=\"async\" width=\"718\" height=\"1000\" data-id=\"9204\" src=\"\/blog\/wp-content\/uploads\/2024\/11\/ullstein_high_09473169_Kleiner-fuer-Web.jpg\" alt=\"\" class=\"wp-image-9204\" srcset=\"\/blog\/wp-content\/uploads\/2024\/11\/ullstein_high_09473169_Kleiner-fuer-Web.jpg 718w, \/blog\/wp-content\/uploads\/2024\/11\/ullstein_high_09473169_Kleiner-fuer-Web-215x300.jpg 215w\" sizes=\"auto, (max-width: 718px) 100vw, 718px\" \/><\/figure>\n\n\n\n<figure class=\"wp-block-image size-large\"><img loading=\"lazy\" decoding=\"async\" width=\"735\" height=\"1000\" data-id=\"9205\" src=\"\/blog\/wp-content\/uploads\/2024\/11\/ullstein_high_09473168_Kleiner-fuer-Web.jpg\" alt=\"\" class=\"wp-image-9205\" srcset=\"\/blog\/wp-content\/uploads\/2024\/11\/ullstein_high_09473168_Kleiner-fuer-Web.jpg 735w, \/blog\/wp-content\/uploads\/2024\/11\/ullstein_high_09473168_Kleiner-fuer-Web-221x300.jpg 221w\" sizes=\"auto, (max-width: 735px) 100vw, 735px\" \/><\/figure>\n<figcaption class=\"blocks-gallery-caption wp-element-caption\">Abb. 2: Ullstein Verlag &amp; Co, Berliner Illustrirte Zeitung vom 24. November 1918, Nr. 47, Titel und S. 372, mit der Fotografie von Erich Greiser (unten, Mitte): &#8222;Ein historischer Augenblick: Die erste Verk\u00fcndung der neuen Regierung durch Philipp Scheidemann vom Balkon des Reichstagsgeb\u00e4udes aus.&#8220; \u00a9 ullstein bild<\/figcaption><\/figure>\n\n\n\n<p><\/p>\n\n\n\n<p><strong>LR:<\/strong> Wie funktionierte das technisch bei Ullstein? <br><br><strong>KB:<\/strong> Die Zeitung wurde im Verfahren des Rotationsdruck hergestellt. Die erste Rotationsmaschine, die gleichzeitig Bilder und Text drucken konnte, wurde ab 1902 f\u00fcr den Druck eben jener Berliner Illustrirten Zeitung eingesetzt. Dies funktionierte nach dem Druckprinzip \u201erund auf rund\u201c. Das Bild wurde mit dem Verfahren der Autotypie reproduziert. Durch die sich st\u00e4ndig in eine Richtung drehenden Zylinder auf der Papierbahn konnte ein schnelleres Arbeitstempo erreicht werden als in Bogendruckmaschinen. Dies erlaubte eine hohe Auflage. Der sp\u00e4tere Chefredakteur Kurt Korff schildert die Entwicklung: \u201eAls der Weltkrieg ausbrach, war die \u201aIllustrirte\u2018 auf fast eine Million angewachsen, in der Zeit des Stellungskrieges rundete sie die Auflagenziffer von einer Million ab, sank in der Inflationszeit bis zu 450 000 herab, und stieg dann wieder, bis Ende 1926 eine Auflage von 1,75 Millionen erreicht wurde und damit ein H\u00f6hepunkt, wie er im Zeitschriftenwesen in Deutschland noch nie vorgekommen war.<sup data-fn=\"f0c217e7-871f-43ac-b454-4afba5f3abad\" class=\"fn\"><a href=\"#f0c217e7-871f-43ac-b454-4afba5f3abad\" id=\"f0c217e7-871f-43ac-b454-4afba5f3abad-link\">3<\/a><\/sup>\u201c<\/p>\n\n\n\n<figure class=\"wp-block-gallery has-nested-images columns-default is-cropped wp-block-gallery-2 is-layout-flex wp-block-gallery-is-layout-flex\">\n<figure class=\"wp-block-image size-large\"><img loading=\"lazy\" decoding=\"async\" width=\"1000\" height=\"762\" data-id=\"9207\" src=\"\/blog\/wp-content\/uploads\/2024\/11\/ullstein_high_00195893_kleiner-fuer-Web-1.jpg\" alt=\"\" class=\"wp-image-9207\" srcset=\"\/blog\/wp-content\/uploads\/2024\/11\/ullstein_high_00195893_kleiner-fuer-Web-1.jpg 1000w, \/blog\/wp-content\/uploads\/2024\/11\/ullstein_high_00195893_kleiner-fuer-Web-1-300x229.jpg 300w, \/blog\/wp-content\/uploads\/2024\/11\/ullstein_high_00195893_kleiner-fuer-Web-1-768x585.jpg 768w\" sizes=\"auto, (max-width: 1000px) 100vw, 1000px\" \/><\/figure>\n\n\n\n<figure class=\"wp-block-image size-large\"><img loading=\"lazy\" decoding=\"async\" width=\"1000\" height=\"734\" data-id=\"9208\" src=\"\/blog\/wp-content\/uploads\/2024\/11\/ullstein_high_00806911_Kleiner-fuer-Web.jpg\" alt=\"\" class=\"wp-image-9208\" srcset=\"\/blog\/wp-content\/uploads\/2024\/11\/ullstein_high_00806911_Kleiner-fuer-Web.jpg 1000w, \/blog\/wp-content\/uploads\/2024\/11\/ullstein_high_00806911_Kleiner-fuer-Web-300x220.jpg 300w, \/blog\/wp-content\/uploads\/2024\/11\/ullstein_high_00806911_Kleiner-fuer-Web-768x564.jpg 768w\" sizes=\"auto, (max-width: 1000px) 100vw, 1000px\" \/><\/figure>\n<figcaption class=\"blocks-gallery-caption wp-element-caption\">Abb. 3: Ullstein Verlag, Druckerei, Originaltext: \u201eUllstein, Rotation\u201c, Foto: Zander &amp; Labisch, \u00a9 ullstein bild; Abb. 4: Ullstein Verlag, Rotation, \u00a9 ullstein bild<\/figcaption><\/figure>\n\n\n\n<p><\/p>\n\n\n\n<p><br><strong>LR:<\/strong> Wie gestaltete sich die Zusammenarbeit zwischen Redaktion und Fotografen?<br><br><strong>KB:<\/strong> Der Verlag Ullstein arbeitete zielgerichtet und sehr erfolgreich an seiner Strategie, die guten Pressefotografen an sich zu binden. In den 1920er Jahren wurden zunehmend Exklusivvertr\u00e4ge abgeschlossen, bereits zu Beginn des Jahrhunderts entstanden gro\u00dfe Fotoagenturen. Die Stra\u00dfenfotografie l\u00f6ste die Atelierfotografie ab. In ihrem programmatischen Beitrag \u201eDer Photograph als Journalist\u201c schrieb die BIZ am 14. Dezember 1919: \u201eDer Photograph wandert f\u00fcr Euch um die Welt, um sie Euch nahe zu bringen. Er (steht) im Schusswechsel zwischen Spartakus und den Regierungstruppen. Und all dies nur, damit ihr \u00fcberall dabei sein k\u00f6nnt, wo Ihr nicht dabei wart (\u2026).<sup data-fn=\"3b824c4b-4b69-499c-a358-cf370e5910f2\" class=\"fn\"><a href=\"#3b824c4b-4b69-499c-a358-cf370e5910f2\" id=\"3b824c4b-4b69-499c-a358-cf370e5910f2-link\">4<\/a><\/sup>\u201c Es war eine entscheidende Zeit f\u00fcr die Presseverlage und die Pressefotografie, gleichzeitig entstand auch das Ullstein Bildarchiv. Dass Amateurfotografen wie Erich Greiser f\u00fcr so ein wichtiges Ereignis zum Zuge kamen, ist ungew\u00f6hnlich. Wir kennen einige Amateurfotografien der Revolution, bereits w\u00e4hrend des Ersten Weltkriegs hatte sich die Zahl der Amateurfotografen stark vermehrt. In dieser Zeit gab es viele Bilder von den verschiedensten Rednern<sup data-fn=\"68493793-0a46-4c43-8fda-47ce9f96c202\" class=\"fn\"><a href=\"#68493793-0a46-4c43-8fda-47ce9f96c202\" id=\"68493793-0a46-4c43-8fda-47ce9f96c202-link\">5<\/a><\/sup>, meist waren Bildjournalisten zur Stelle, wenn Liebknecht, Ebert oder Scheidemann \u00f6ffentlich sprachen. Greisers Aufnahme aber ist singul\u00e4r.<\/p>\n\n\n\n<p><strong>LR:<\/strong> Wie sch\u00e4tzen Sie die Annahme ein, das Foto sei eine Montage?<br><br><strong>KB:<\/strong> Aussagen \u00fcber die Authentizit\u00e4t des Bildes lassen sich unter anderem durch die Position des Fotografen beim \u201eAbdr\u00fccken\u201c machen. Wie der Fotohistoriker Dr. Ludger Derenthal vom Museum f\u00fcr Fotografie in Berlin annimmt<sup data-fn=\"a11b4174-d888-4806-9590-61b805d63a71\" class=\"fn\"><a href=\"#a11b4174-d888-4806-9590-61b805d63a71\" id=\"a11b4174-d888-4806-9590-61b805d63a71-link\">6<\/a><\/sup> und in dem Interview<sup data-fn=\"9a8da8b9-d0cc-4bcb-ab7b-56e56683b389\" class=\"fn\"><a href=\"#9a8da8b9-d0cc-4bcb-ab7b-56e56683b389\" id=\"9a8da8b9-d0cc-4bcb-ab7b-56e56683b389-link\">7<\/a><\/sup> mit ullstein bild collection er\u00f6rtert hat, stand Greiser vermutlich mit einer Faltkamera mit Rollfilm an der hinteren Br\u00fcstung der breiten Auffahrtsrampe zum Portal des Reichstags. Heute ist die Rampe nicht zug\u00e4nglich. Ein Indiz, dass es sich nicht um eine Montage handelt ist laut Derenthal genau die an einer Stelle zwischen den jubelnden Menschen durchblitzende vordere Br\u00fcstung der Rampe. Es ist auch unwahrscheinlich, dass es sich um eine Montage handelte \u2013 das Foto ist in gewisser Weise technisch zu schlecht daf\u00fcr. Es gibt ja aussagekr\u00e4ftige Fotomontagen aus der Zeit, insbesondere, wenn es sich um die Aufmacherbilder der Zeitung handelte. M\u00f6gliche Retuschen waren z.B. das Hervorheben des Kanonenrauchs, oder auch gestellte Szenarien, um beispielsweise das Kampfgeschehen zu illustrieren. Die Aufnahme Greisers hingegen ist im Vergleich zu Profifotos relativ unscharf und etwas unterbelichtet. Au\u00dferdem: Was h\u00e4tte in der Redaktion oder beim Fotografen passieren m\u00fcssen, um dieses Motiv zu f\u00e4lschen? Dazu h\u00e4tte man das Bild wiederum abfotografieren m\u00fcssen und das abfotografierte Foto bearbeiten. Wenn man hier retuschiert h\u00e4tte, w\u00fcrden wir es vermutlich direkt am Fotoabzug sehen.<br><\/p>\n\n\n\n<figure class=\"wp-block-image size-full\"><img loading=\"lazy\" decoding=\"async\" width=\"1000\" height=\"647\" src=\"\/blog\/wp-content\/uploads\/2024\/11\/ullstein_high_06853293_Kleiner-fuer-Web.jpg\" alt=\"\" class=\"wp-image-9209\" srcset=\"\/blog\/wp-content\/uploads\/2024\/11\/ullstein_high_06853293_Kleiner-fuer-Web.jpg 1000w, \/blog\/wp-content\/uploads\/2024\/11\/ullstein_high_06853293_Kleiner-fuer-Web-300x194.jpg 300w, \/blog\/wp-content\/uploads\/2024\/11\/ullstein_high_06853293_Kleiner-fuer-Web-768x497.jpg 768w\" sizes=\"auto, (max-width: 1000px) 100vw, 1000px\" \/><figcaption class=\"wp-element-caption\">Abb. 5: Spartakusaufstand in Berlin, Regierungstruppen, Januar 1919, Foto: Grohs \u00a9 ullstein bild<\/figcaption><\/figure>\n\n\n\n<p><br><strong>LR:<\/strong> Wieso, denken Sie, hat dieses Bild ikonische Qualit\u00e4t? <br><br><strong>KB:<\/strong> Zum einen ist gerade der Charme des Bildes, dass es sich quasi um einen Schnappschuss handelt, der einen wichtigen Moment festh\u00e4lt. Das Bild ist ja in gro\u00dfer zeitlicher N\u00e4he zu Scheidemanns Auftritt am Reichstag publiziert worden. Aber vor allem ist es auch die symbolische Aufladung des Ortes, nicht nur des Redners. Das Bild wurde weiterverbreitet auf Postkarten und Abzeichnungen, die damals sehr popul\u00e4r waren. Gerade der Vergleich mit sp\u00e4teren Postkarten zeigt, dass das Foto, das im Ullstein Bildarchiv ist, dem verloren gegangenen Negativ wohl am n\u00e4chsten kommt.<\/p>\n\n\n\n<figure class=\"wp-block-gallery has-nested-images columns-default is-cropped wp-block-gallery-3 is-layout-flex wp-block-gallery-is-layout-flex\">\n<figure class=\"wp-block-image size-large\"><img loading=\"lazy\" decoding=\"async\" width=\"1000\" height=\"644\" data-id=\"9213\" src=\"\/blog\/wp-content\/uploads\/2024\/11\/DHM20051893_kleiner-fuer-Web.jpg\" alt=\"\" class=\"wp-image-9213\" srcset=\"\/blog\/wp-content\/uploads\/2024\/11\/DHM20051893_kleiner-fuer-Web.jpg 1000w, \/blog\/wp-content\/uploads\/2024\/11\/DHM20051893_kleiner-fuer-Web-300x193.jpg 300w, \/blog\/wp-content\/uploads\/2024\/11\/DHM20051893_kleiner-fuer-Web-768x495.jpg 768w\" sizes=\"auto, (max-width: 1000px) 100vw, 1000px\" \/><\/figure>\n\n\n\n<figure class=\"wp-block-image size-large\"><img loading=\"lazy\" decoding=\"async\" width=\"1000\" height=\"733\" data-id=\"9212\" src=\"\/blog\/wp-content\/uploads\/2024\/11\/ullstein_high_00262887_kleiner-fuer-Web-1.jpg\" alt=\"\" class=\"wp-image-9212\" srcset=\"\/blog\/wp-content\/uploads\/2024\/11\/ullstein_high_00262887_kleiner-fuer-Web-1.jpg 1000w, \/blog\/wp-content\/uploads\/2024\/11\/ullstein_high_00262887_kleiner-fuer-Web-1-300x220.jpg 300w, \/blog\/wp-content\/uploads\/2024\/11\/ullstein_high_00262887_kleiner-fuer-Web-1-768x563.jpg 768w\" sizes=\"auto, (max-width: 1000px) 100vw, 1000px\" \/><\/figure>\n<figcaption class=\"blocks-gallery-caption wp-element-caption\">Abb. 6: Die Gr\u00fcndung der deutschen Republik. Postkarte mit den Mitgliedern des Rates der Volksbeauftragten und der Ausrufung der Republik durch Philipp Scheidemann am 9.11.1918 (vermutlich November 1918), DHM, Inventarnummer PK 2004\/851; Abb. 7: Berlin im November 1918, ver\u00f6ff. Zeitbild 46\/1918, Originaltext: &#8222;Der erste Sonntag nach der Revolution in Berlin. &#8211; Unter den Linden: H\u00e4ndler mit rotem Abzeichen und Bildern von der Revolution.&#8220; \u00a9 ullstein bild<\/figcaption><\/figure>\n\n\n\n<p><br><strong>LR:<\/strong> Wie kann man sich die Arbeit mit so einem ber\u00fchmten Foto bei Ihnen im Archiv vorstellen? Welche Anfragen werden an <a href=\"https:\/\/www.ullsteinbild.de\/\">ullstein bild<\/a> gerichtet?<br><br><strong>KB:<\/strong> Das Foto wird z.B. von Schulbuchverlagen, Zeitungsredaktionen und Fernsehsendern regelm\u00e4\u00dfig angefragt. Sehr h\u00e4ufig sind wir dann mit der Annahme konfrontiert, das Bild sei eine Montage oder F\u00e4lschung. Und wir stellen diese Originalfotografie gerne f\u00fcr Ausstellungen zur Verf\u00fcgung, wie viele andere Unikate der fotografischen Sammlung Ullstein bei ullstein bild.<sup data-fn=\"c54e44ec-43e1-459a-ada3-ef901ea169b6\" class=\"fn\"><a href=\"#c54e44ec-43e1-459a-ada3-ef901ea169b6\" id=\"c54e44ec-43e1-459a-ada3-ef901ea169b6-link\">8<\/a><\/sup><\/p>\n\n\n\n<hr class=\"wp-block-separator has-alpha-channel-opacity\"\/>\n\n\n<ol class=\"wp-block-footnotes\"><li id=\"595b32ca-7f10-465a-92bf-81355abed5c0\">Vgl. M\u00fchlhausen, Walter: Die Ausrufung der Republik am 9. November 1918 durch Philipp Scheidemann, S. 31, Erfurt 2022 <a href=\"#595b32ca-7f10-465a-92bf-81355abed5c0-link\" aria-label=\"Zur Fu\u00dfnotenreferenz 1 navigieren\">\u21a9\ufe0e<\/a><\/li><li id=\"3e29ac71-5469-4dfe-b7bb-237eb099be22\">Ullstein Verlag &amp; Co, Berliner Illustrirte Zeitung vom 24. November 1918, Nr. 47, S. 372 <a href=\"#3e29ac71-5469-4dfe-b7bb-237eb099be22-link\" aria-label=\"Zur Fu\u00dfnotenreferenz 2 navigieren\">\u21a9\ufe0e<\/a><\/li><li id=\"f0c217e7-871f-43ac-b454-4afba5f3abad\">Kurt Korff, Die \u2019Berliner Illustrirte\u2019, in: 50 Jahre Ullstein &#8211; 1877-1927, Berlin 1927, S. 301 <a href=\"#f0c217e7-871f-43ac-b454-4afba5f3abad-link\" aria-label=\"Zur Fu\u00dfnotenreferenz 3 navigieren\">\u21a9\ufe0e<\/a><\/li><li id=\"3b824c4b-4b69-499c-a358-cf370e5910f2\">Bomhoff, Katrin: Berliner Revolutionsfotografien in der Sammlung Ullstein Bild, in: Derenthal, Ludger, F\u00f6rster, Evelyn, Kaufhold, Enno: Berlin in der Revolution 1918\/1919. Fotografie, Film, Unterhaltungskultur, S. 95, Dortmund 2018 <a href=\"#3b824c4b-4b69-499c-a358-cf370e5910f2-link\" aria-label=\"Zur Fu\u00dfnotenreferenz 4 navigieren\">\u21a9\ufe0e<\/a><\/li><li id=\"68493793-0a46-4c43-8fda-47ce9f96c202\">Vgl. <a href=\"https:\/\/www.axelspringer-syndication.de\/artikel\/berlin-der-revolution\">https:\/\/www.axelspringer-syndication.de\/artikel\/berlin-der-revolution<\/a> <a href=\"#68493793-0a46-4c43-8fda-47ce9f96c202-link\" aria-label=\"Zur Fu\u00dfnotenreferenz 5 navigieren\">\u21a9\ufe0e<\/a><\/li><li id=\"a11b4174-d888-4806-9590-61b805d63a71\">Derenthal, Ludger: \u201eEin historischer Augenblick\u201c. Philipp Scheidemann am 9.11.1918 auf dem Balkon des Reichstagsgeb\u00e4udes, fotografiert von Erich Greiser (unver\u00f6ffentlichtes Manuskript eines Vortrages auf einer Tagung im Museum f\u00fcr Fotografie, Berlin, 1. M\u00e4rz 2019; vom Autor dankenswerterweise zur Verf\u00fcgung gestellt) <a href=\"#a11b4174-d888-4806-9590-61b805d63a71-link\" aria-label=\"Zur Fu\u00dfnotenreferenz 6 navigieren\">\u21a9\ufe0e<\/a><\/li><li id=\"9a8da8b9-d0cc-4bcb-ab7b-56e56683b389\"><a href=\"https:\/\/www.axelspringer-syndication.de\/artikel\/ausrufung-der-republik-1918\">https:\/\/www.axelspringer-syndication.de\/artikel\/ausrufung-der-republik-1918<\/a> <a href=\"#9a8da8b9-d0cc-4bcb-ab7b-56e56683b389-link\" aria-label=\"Zur Fu\u00dfnotenreferenz 7 navigieren\">\u21a9\ufe0e<\/a><\/li><li id=\"c54e44ec-43e1-459a-ada3-ef901ea169b6\"><a href=\"https:\/\/www.axelspringer-syndication.de\/angebot\/ausstellungen\">https:\/\/www.axelspringer-syndication.de\/angebot\/ausstellungen<\/a> <a href=\"#c54e44ec-43e1-459a-ada3-ef901ea169b6-link\" aria-label=\"Zur Fu\u00dfnotenreferenz 8 navigieren\">\u21a9\ufe0e<\/a><\/li><\/ol>\n\n<table style=\"height: 291px;\" border=\"0\" width=\"840\">\n<tbody>\n<tr>\n<td bgcolor=\"#becafa\">\n<p style=\"text-align: center;\"><img loading=\"lazy\" decoding=\"async\" class=\"alignnone wp-image-8077 size-medium\" src=\"\/blog\/wp-content\/uploads\/2023\/12\/Lili_Reyels01-200x300.jpg\" alt=\"\" width=\"200\" height=\"300\" srcset=\"\/blog\/wp-content\/uploads\/2023\/12\/Lili_Reyels01-200x300.jpg 200w, \/blog\/wp-content\/uploads\/2023\/12\/Lili_Reyels01-683x1024.jpg 683w, \/blog\/wp-content\/uploads\/2023\/12\/Lili_Reyels01-768x1152.jpg 768w, \/blog\/wp-content\/uploads\/2023\/12\/Lili_Reyels01-1024x1536.jpg 1024w, \/blog\/wp-content\/uploads\/2023\/12\/Lili_Reyels01-1365x2048.jpg 1365w, \/blog\/wp-content\/uploads\/2023\/12\/Lili_Reyels01-scaled.jpg 1707w\" sizes=\"auto, (max-width: 200px) 100vw, 200px\" \/><\/p>\n<\/td>\n<td bgcolor=\"#becafa\">\n<h4 style=\"color: #000000; padding: 5px 10px 0px 10px;\">Dr. Lili Reyels<\/h4>\n<p style=\"color: #000000; padding: 5px 10px 0px 10px;\">Dr. Lili Reyels ist Sammlungsleiterin Finanz- und Wirtschaftsgeschichte am Deutschen Historischen Museum.<\/p>\n<\/td>\n<\/tr>\n<\/tbody>\n<\/table>","protected":false},"excerpt":{"rendered":"<h2><span>\u201eRoads not Taken\u201d am 9. November 1918<span><\/h2>\n<p>Die Revolution 1918 ist eine der 14 Z\u00e4suren der deutschen Geschichte, die die Ausstellung \u201eRoads not Taken. Oder: Es h\u00e4tte auch anders kommen k\u00f6nnen\u201c in den Blick nimmt. Zum diesj\u00e4hrigen Jahrestag sprach Dr. Lili Reyels, Kuratorin der Ausstellung, mit Dr. Katrin Bomhoff von ullstein bild collection \u00fcber die Echtheit des Bildes, seinen Entstehungs- und Publikationsprozess<\/p>\n","protected":false},"author":3,"featured_media":9198,"comment_status":"open","ping_status":"closed","sticky":true,"template":"","format":"standard","meta":{"footnotes":"[{\"content\":\"Vgl. M\u00fchlhausen, Walter: Die Ausrufung der Republik am 9. November 1918 durch Philipp Scheidemann, S. 31, Erfurt 2022\",\"id\":\"595b32ca-7f10-465a-92bf-81355abed5c0\"},{\"content\":\"Ullstein Verlag &amp; Co, Berliner Illustrirte Zeitung vom 24. November 1918, Nr. 47, S. 372\",\"id\":\"3e29ac71-5469-4dfe-b7bb-237eb099be22\"},{\"content\":\"Kurt Korff, Die \u2019Berliner Illustrirte\u2019, in: 50 Jahre Ullstein - 1877-1927, Berlin 1927, S. 301\",\"id\":\"f0c217e7-871f-43ac-b454-4afba5f3abad\"},{\"content\":\"Bomhoff, Katrin: Berliner Revolutionsfotografien in der Sammlung Ullstein Bild, in: Derenthal, Ludger, F\u00f6rster, Evelyn, Kaufhold, Enno: Berlin in der Revolution 1918\/1919. Fotografie, Film, Unterhaltungskultur, S. 95, Dortmund 2018\",\"id\":\"3b824c4b-4b69-499c-a358-cf370e5910f2\"},{\"content\":\"Vgl. <a href=\\\"https:\/\/www.axelspringer-syndication.de\/artikel\/berlin-der-revolution\\\">https:\/\/www.axelspringer-syndication.de\/artikel\/berlin-der-revolution<\/a>\",\"id\":\"68493793-0a46-4c43-8fda-47ce9f96c202\"},{\"content\":\"Derenthal, Ludger: \u201eEin historischer Augenblick\u201c. Philipp Scheidemann am 9.11.1918 auf dem Balkon des Reichstagsgeb\u00e4udes, fotografiert von Erich Greiser (unver\u00f6ffentlichtes Manuskript eines Vortrages auf einer Tagung im Museum f\u00fcr Fotografie, Berlin, 1. M\u00e4rz 2019; vom Autor dankenswerterweise zur Verf\u00fcgung gestellt)\",\"id\":\"a11b4174-d888-4806-9590-61b805d63a71\"},{\"content\":\"<a href=\\\"https:\/\/www.axelspringer-syndication.de\/artikel\/ausrufung-der-republik-1918\\\">https:\/\/www.axelspringer-syndication.de\/artikel\/ausrufung-der-republik-1918<\/a>\",\"id\":\"9a8da8b9-d0cc-4bcb-ab7b-56e56683b389\"},{\"content\":\"<a href=\\\"https:\/\/www.axelspringer-syndication.de\/angebot\/ausstellungen\\\">https:\/\/www.axelspringer-syndication.de\/angebot\/ausstellungen<\/a>\",\"id\":\"c54e44ec-43e1-459a-ada3-ef901ea169b6\"}]"},"categories":[1],"tags":[2564,2915,197,2327],"class_list":["post-9190","post","type-post","status-publish","format-standard","has-post-thumbnail","hentry","category-geschichten-aktuell","tag-dhmroadsnottaken-de","tag-erster-weltkrieg","tag-fotografie","tag-novemberrevolution"],"_links":{"self":[{"href":"\/blog\/wp-json\/wp\/v2\/posts\/9190","targetHints":{"allow":["GET"]}}],"collection":[{"href":"\/blog\/wp-json\/wp\/v2\/posts"}],"about":[{"href":"\/blog\/wp-json\/wp\/v2\/types\/post"}],"author":[{"embeddable":true,"href":"\/blog\/wp-json\/wp\/v2\/users\/3"}],"replies":[{"embeddable":true,"href":"\/blog\/wp-json\/wp\/v2\/comments?post=9190"}],"version-history":[{"count":24,"href":"\/blog\/wp-json\/wp\/v2\/posts\/9190\/revisions"}],"predecessor-version":[{"id":9339,"href":"\/blog\/wp-json\/wp\/v2\/posts\/9190\/revisions\/9339"}],"wp:featuredmedia":[{"embeddable":true,"href":"\/blog\/wp-json\/wp\/v2\/media\/9198"}],"wp:attachment":[{"href":"\/blog\/wp-json\/wp\/v2\/media?parent=9190"}],"wp:term":[{"taxonomy":"category","embeddable":true,"href":"\/blog\/wp-json\/wp\/v2\/categories?post=9190"},{"taxonomy":"post_tag","embeddable":true,"href":"\/blog\/wp-json\/wp\/v2\/tags?post=9190"}],"curies":[{"name":"wp","href":"https:\/\/api.w.org\/{rel}","templated":true}]}}